{"id":81,"date":"2013-11-17T13:28:30","date_gmt":"2013-11-17T12:28:30","guid":{"rendered":"http:\/\/www.przewodnikgdanski.pl\/2014\/?p=81"},"modified":"2013-11-17T13:30:02","modified_gmt":"2013-11-17T12:30:02","slug":"wyklad-o-znakach-gotyckich","status":"publish","type":"post","link":"http:\/\/www.przewodnikgdanski.pl\/2014\/2013\/11\/wyklad-o-znakach-gotyckich\/","title":{"rendered":"Wyk\u0142ad o znakach gotyckich"},"content":{"rendered":"<p>W galerii &#8222;Warzywniak&#8221;, 19 listopada, w\u00a0ramach Oliwskiej Akademii Sztuki, odb\u0119dzie si\u0119 wyk\u0142ad prof. Andrzeja Januszajtisa o znakach gotyckich. Rozpoczyna si\u0119 o 17.00.\u00a0, zapraszamy na wyk\u0142ad. Pan profesor Andrzej Januszajtis\u00a0przedstawi zarys kaligrafii gotyckiej.\u00a0Ilo\u015b\u0107 miejsc na wyk\u0142ad nieograniczona.<\/p>\n<p><a href=\"http:\/\/www.galeriawarzywniak.pl\/?s=wydarzenie&amp;idw=146\" rel=nofollow>www.galeriawarzywniak.pl\/?s=wydarzenie&amp;idw=146<\/a><\/p>\n<p>Wybiera si\u0119 kto\u015b?<\/p>\n","protected":false},"excerpt":{"rendered":"<p>W galerii &#8222;Warzywniak&#8221;, 19 listopada, w\u00a0ramach Oliwskiej Akademii Sztuki, odb\u0119dzie si\u0119 wyk\u0142ad prof. Andrzeja Januszajtisa o znakach gotyckich. Rozpoczyna si\u0119 o 17.00.\u00a0, zapraszamy na wyk\u0142ad. Pan profesor Andrzej Januszajtis\u00a0przedstawi zarys kaligrafii gotyckiej.\u00a0Ilo\u015b\u0107 miejsc na wyk\u0142ad nieograniczona. www.galeriawarzywniak.pl\/?s=wydarzenie&amp;idw=146 Wybiera si\u0119 kto\u015b?<\/p>\n","protected":false},"author":6,"featured_media":0,"comment_status":"open","ping_status":"closed","sticky":false,"template":"","format":"standard","meta":[],"categories":[5],"tags":[],"_links":{"self":[{"href":"http:\/\/www.przewodnikgdanski.pl\/2014\/wp-json\/wp\/v2\/posts\/81"}],"collection":[{"href":"http:\/\/www.przewodnikgdanski.pl\/2014\/wp-json\/wp\/v2\/posts"}],"about":[{"href":"http:\/\/www.przewodnikgdanski.pl\/2014\/wp-json\/wp\/v2\/types\/post"}],"author":[{"embeddable":true,"href":"http:\/\/www.przewodnikgdanski.pl\/2014\/wp-json\/wp\/v2\/users\/6"}],"replies":[{"embeddable":true,"href":"http:\/\/www.przewodnikgdanski.pl\/2014\/wp-json\/wp\/v2\/comments?post=81"}],"version-history":[{"count":4,"href":"http:\/\/www.przewodnikgdanski.pl\/2014\/wp-json\/wp\/v2\/posts\/81\/revisions"}],"predecessor-version":[{"id":85,"href":"http:\/\/www.przewodnikgdanski.pl\/2014\/wp-json\/wp\/v2\/posts\/81\/revisions\/85"}],"wp:attachment":[{"href":"http:\/\/www.przewodnikgdanski.pl\/2014\/wp-json\/wp\/v2\/media?parent=81"}],"wp:term":[{"taxonomy":"category","embeddable":true,"href":"http:\/\/www.przewodnikgdanski.pl\/2014\/wp-json\/wp\/v2\/categories?post=81"},{"taxonomy":"post_tag","embeddable":true,"href":"http:\/\/www.przewodnikgdanski.pl\/2014\/wp-json\/wp\/v2\/tags?post=81"}],"curies":[{"name":"wp","href":"https:\/\/api.w.org\/{rel}","templated":true}]}}