{"id":1195,"date":"2013-02-19T09:36:54","date_gmt":"2013-02-19T08:36:54","guid":{"rendered":"http:\/\/www.przewodnikgdanski.pl\/kurs\/?p=1195"},"modified":"2020-06-22T15:18:18","modified_gmt":"2020-06-22T13:18:18","slug":"pamieci-generala-nila","status":"publish","type":"post","link":"http:\/\/www.przewodnikgdanski.pl\/kurs\/pamieci-generala-nila\/","title":{"rendered":"Pami\u0119ci genera\u0142a &#8220;Nila&#8221;"},"content":{"rendered":"<h3><a style=\"line-height: 1.3em; font-size: 12px;\" href=\"http:\/\/kultura.trojmiasto.pl\/Pamieci-generala-Nila-imp349451.html\"><img src=\"http:\/\/s-trojmiasto.pl\/zdj\/c\/3\/103\/121x0\/1034084.jpg\" alt=\"Pami\u0119ci genera\u0142a \" \/><\/a><\/h3>\n<dl>\n<dt>data: 22 lutego 2013\u00a0(pi\u0105tek)<\/dt>\n<dt>godzina: 17:30<\/dt>\n<dt>miejsce:\u00a0<span style=\"color: #000000;\"><a href=\"http:\/\/www.trojmiasto.pl\/Teatr-Miniatura\"><span style=\"color: #000000;\">Teatr Miniatura<\/span><\/a><\/span><\/dt>\n<\/dl>\n<p><span style=\"color: #000000;\"><a href=\"http:\/\/kultura.trojmiasto.pl\/Pamieci-generala-Nila-imp349451.html\"><span style=\"color: #000000;\">W zwi\u0105zku z przypadaj\u0105c\u0105 w tym roku 60. rocznic\u0105 \u015bmierci gen. Augusta Emila Fieldorfa &#8220;Nila&#8221; gda\u0144ski oddzia\u0142 IPN zaprasza na specjalne spotkanie, kt\u00f3re swoim charakterem wpisuje si\u0119 w obchody Narodowego Dnia Pami\u0119ci o \u017bo\u0142nierzach Wykl\u0119tych. Wst\u0119p wolny. Spotkanie w Teatrze Miniatura w Gda\u0144sku-Wrzeszczu (al. Grunwaldzka 16) rozpocznie si\u0119 22 lutego o godz. 17:30<\/span><\/a><\/span><\/p>\n<p>Wi\u0119cej informacji: <a href=\"http:\/\/www.trojmiasto.pl\/wiadomosci\/Nil-historia-zamordowanego-bohatera-n66434.html\">TUTAJ<\/a><\/p>\n<p>Kluczowa posta\u0107 historii Polski. W Muzeum II Wojny \u015awiatowej jest mu po\u015bwi\u0119cona tablica. Historia Tr\u00f3jmiasta to nie tylko \u015bredniowecze czy Z\u0142oty Wiek Gda\u0144ska, ale dzieje najnowsze, kt\u00f3re w czasie<a href=\"http:\/\/www.przewodnikgdanski.pl\"> zwiedzania Tr\u00f3jmiasta<\/a> powoli ods\u0142aniamy. Dzi\u0119kuejmy wi\u0119c za rto zaproszenie!<\/p>\n<p>Liczymy na kolejne teksty z tej serii.<\/p>\n","protected":false},"excerpt":{"rendered":"<p>data: 22 lutego 2013\u00a0(pi\u0105tek) godzina: 17:30 miejsce:\u00a0Teatr Miniatura W zwi\u0105zku z przypadaj\u0105c\u0105 w tym roku 60. rocznic\u0105 \u015bmierci gen. Augusta Emila Fieldorfa &#8220;Nila&#8221; gda\u0144ski oddzia\u0142 IPN zaprasza na specjalne spotkanie, kt\u00f3re swoim charakterem wpisuje si\u0119 w obchody Narodowego Dnia Pami\u0119ci o \u017bo\u0142nierzach Wykl\u0119tych. Wst\u0119p wolny. Spotkanie w Teatrze Miniatura w Gda\u0144sku-Wrzeszczu (al. Grunwaldzka 16) rozpocznie[&#8230;]<\/p>\n","protected":false},"author":1,"featured_media":0,"comment_status":"open","ping_status":"open","sticky":false,"template":"","format":"standard","meta":[],"categories":[11],"tags":[],"_links":{"self":[{"href":"http:\/\/www.przewodnikgdanski.pl\/kurs\/wp-json\/wp\/v2\/posts\/1195"}],"collection":[{"href":"http:\/\/www.przewodnikgdanski.pl\/kurs\/wp-json\/wp\/v2\/posts"}],"about":[{"href":"http:\/\/www.przewodnikgdanski.pl\/kurs\/wp-json\/wp\/v2\/types\/post"}],"author":[{"embeddable":true,"href":"http:\/\/www.przewodnikgdanski.pl\/kurs\/wp-json\/wp\/v2\/users\/1"}],"replies":[{"embeddable":true,"href":"http:\/\/www.przewodnikgdanski.pl\/kurs\/wp-json\/wp\/v2\/comments?post=1195"}],"version-history":[{"count":5,"href":"http:\/\/www.przewodnikgdanski.pl\/kurs\/wp-json\/wp\/v2\/posts\/1195\/revisions"}],"predecessor-version":[{"id":1963,"href":"http:\/\/www.przewodnikgdanski.pl\/kurs\/wp-json\/wp\/v2\/posts\/1195\/revisions\/1963"}],"wp:attachment":[{"href":"http:\/\/www.przewodnikgdanski.pl\/kurs\/wp-json\/wp\/v2\/media?parent=1195"}],"wp:term":[{"taxonomy":"category","embeddable":true,"href":"http:\/\/www.przewodnikgdanski.pl\/kurs\/wp-json\/wp\/v2\/categories?post=1195"},{"taxonomy":"post_tag","embeddable":true,"href":"http:\/\/www.przewodnikgdanski.pl\/kurs\/wp-json\/wp\/v2\/tags?post=1195"}],"curies":[{"name":"wp","href":"https:\/\/api.w.org\/{rel}","templated":true}]}}